{"id":475,"date":"2015-04-09T08:28:08","date_gmt":"2015-04-09T06:28:08","guid":{"rendered":"http:\/\/stj500.arqtgn.cat\/libro-de-la-vida-de-santa-teresa-de-jesus\/"},"modified":"2015-04-09T08:28:08","modified_gmt":"2015-04-09T06:28:08","slug":"libro-de-la-vida-de-santa-teresa-de-jesus","status":"publish","type":"post","link":"https:\/\/stj500.arqtgn.cat\/es\/libro-de-la-vida-de-santa-teresa-de-jesus\/","title":{"rendered":"LIBRO DE LA VIDA de Santa Teresa de Jes\u00fas"},"content":{"rendered":"<p><a href=\"http:\/\/santateresa.wp.arqtgn.cat\/libro-de-la-vida-de-santa-teresa-de-jesus\/llibrevida\/\" rel=\"attachment wp-att-327\"><img loading=\"lazy\" decoding=\"async\" class=\"alignleft size-full wp-image-327\" src=\"http:\/\/santateresa.wp.arqtgn.cat\/wp-content\/uploads\/sites\/49\/2015\/04\/llibreVida.jpg\" alt=\"llibreVida\" width=\"124\" height=\"170\" \/><\/a>Teresa de Jes\u00fas. Ed. Monte Carmelo, 2\u00aa reimpresi\u00f3n diciembre 2014. Colecci\u00f3n Ediciones Populares. 418 p. PVP: 6,00 \u20ac.<\/p>\n<p>\u00abEl Libro de la Vida de Santa Teresa de Jes\u00fas es uno de los cl\u00e1sicos de la espiritualidad. En \u00e9l proyecta su autora, no tanto el perfil hist\u00f3rico de su existencia como el caudal de su experiencia de Dios. \u00bbDe la contraportada.<\/p>\n","protected":false},"excerpt":{"rendered":"<p>Teresa de Jes\u00fas. Ed. Monte Carmelo, 2\u00aa reimpresi\u00f3n diciembre 2014. Colecci\u00f3n Ediciones Populares. 418 p. PVP: 6,00 \u20ac. \u00abEl Libro de la Vida de Santa Teresa de Jes\u00fas es uno de los cl\u00e1sicos de la espiritualidad. En \u00e9l proyecta su &hellip; <a href=\"https:\/\/stj500.arqtgn.cat\/es\/libro-de-la-vida-de-santa-teresa-de-jesus\/\">Sigue leyendo <span class=\"meta-nav\">&rarr;<\/span><\/a><\/p>\n","protected":false},"author":7,"featured_media":0,"comment_status":"closed","ping_status":"closed","sticky":false,"template":"","format":"gallery","meta":{"footnotes":""},"categories":[13],"tags":[],"class_list":["post-475","post","type-post","status-publish","format-gallery","hentry","category-publicaciones","post_format-post-format-gallery"],"amp_enabled":true,"_links":{"self":[{"href":"https:\/\/stj500.arqtgn.cat\/es\/wp-json\/wp\/v2\/posts\/475","targetHints":{"allow":["GET"]}}],"collection":[{"href":"https:\/\/stj500.arqtgn.cat\/es\/wp-json\/wp\/v2\/posts"}],"about":[{"href":"https:\/\/stj500.arqtgn.cat\/es\/wp-json\/wp\/v2\/types\/post"}],"author":[{"embeddable":true,"href":"https:\/\/stj500.arqtgn.cat\/es\/wp-json\/wp\/v2\/users\/7"}],"replies":[{"embeddable":true,"href":"https:\/\/stj500.arqtgn.cat\/es\/wp-json\/wp\/v2\/comments?post=475"}],"version-history":[{"count":0,"href":"https:\/\/stj500.arqtgn.cat\/es\/wp-json\/wp\/v2\/posts\/475\/revisions"}],"wp:attachment":[{"href":"https:\/\/stj500.arqtgn.cat\/es\/wp-json\/wp\/v2\/media?parent=475"}],"wp:term":[{"taxonomy":"category","embeddable":true,"href":"https:\/\/stj500.arqtgn.cat\/es\/wp-json\/wp\/v2\/categories?post=475"},{"taxonomy":"post_tag","embeddable":true,"href":"https:\/\/stj500.arqtgn.cat\/es\/wp-json\/wp\/v2\/tags?post=475"}],"curies":[{"name":"wp","href":"https:\/\/api.w.org\/{rel}","templated":true}]}}