{"id":472,"date":"2015-04-08T18:06:27","date_gmt":"2015-04-08T16:06:27","guid":{"rendered":"http:\/\/stj500.arqtgn.cat\/encuentro-en-montserrat-en-el-v-centenario-del-nacimiento-de-santa-teresa-de-jesus\/"},"modified":"2015-04-08T18:06:27","modified_gmt":"2015-04-08T16:06:27","slug":"encuentro-en-montserrat-en-el-v-centenario-del-nacimiento-de-santa-teresa-de-jesus","status":"publish","type":"post","link":"https:\/\/stj500.arqtgn.cat\/es\/encuentro-en-montserrat-en-el-v-centenario-del-nacimiento-de-santa-teresa-de-jesus\/","title":{"rendered":"Encuentro en Montserrat en el V Centenario del nacimiento de Santa Teresa de Jes\u00fas"},"content":{"rendered":"<div style=\"text-align: justify\"><a href=\"http:\/\/santateresa.wp.arqtgn.cat\/trobada-a-montserrat-en-el-v-centenari-del-naixement-de-santa-teresa-de-jesus\/montserrat\/\" rel=\"attachment wp-att-323\"><img loading=\"lazy\" decoding=\"async\" class=\"alignleft wp-image-323\" src=\"http:\/\/santateresa.wp.arqtgn.cat\/wp-content\/uploads\/sites\/49\/2015\/04\/montserrat.jpg\" alt=\"montserrat\" width=\"225\" height=\"150\" \/><\/a>El mismo d\u00eda de su nacimiento en \u00c1vila, el 28 de marzo, tuvo lugar en la Bas\u00edlica de la Virgen de Montserrat, la celebraci\u00f3n de los 500 a\u00f1os del nacimiento de Teresa de Cepeda y de Ahumana -Santa Teresa de Jes\u00fas-, con una Eucarist\u00eda solemne que reuni\u00f3 representantes de todos los miembros de la extensa familia carmelitana y teresiana presente en Catalu\u00f1a y Baleares. La celebraci\u00f3n fue presidida por el Sr. Arzobispo, Mons. Jaume Pujol, y concelebrada por el arzobispo-obispo de Urgell y los obispos de Sant Feliu de Llobregat, Lleida, Vic, Terrassa, Solsona y Tortosa, as\u00ed como el Padre Abad de Montserrat, Josep Maria Soler.<\/div>\n<div style=\"text-align: justify\"><\/div>\n<div style=\"text-align: justify\">Tras las palabras de bienvenida que dirigi\u00f3 a los asistentes el P. Agust\u00edn Borrell, ocd, en representaci\u00f3n de todos los \u00d3rdenes e Institutos religiosos congregados, en su homil\u00eda el Sr. Arzobispo remarc\u00f3 el significado que hoy tiene la figura de Santa Teresa de Jes\u00fas. Mons. Pujol record\u00f3 como el principal punto de la experiencia m\u00edstica es la oraci\u00f3n en bien de los dem\u00e1s e hizo menci\u00f3n de c\u00f3mo este quinto Centenario del nacimiento de Teresa de Jes\u00fas encaja perfectamente en el A\u00f1o de la Vida Consagrada que Francisco decidi\u00f3 convocar y que estamos celebrando.<\/div>\n<div style=\"text-align: justify\"><\/div>\n<div style=\"text-align: justify\">Al terminar la celebraci\u00f3n eucar\u00edstica hubo una ofrenda floral a la imagen de Santa Teresa ante la bas\u00edlica de Montserrat, una de las primeras estatuas que se coloc\u00f3 en 1949. Varias instituciones teresianas vinculadas a Santa Teresa van ir componiendo un mosaico con el nombre de la santa, y se cantaron cantos adecuados inspirados en la obra po\u00e9tica y m\u00edstica teresiana.<\/div>\n<div style=\"text-align: justify\"><\/div>\n<div style=\"text-align: justify\"><a href=\"http:\/\/www.montserratcomunicacio.cat\/(S(pzydppscvtginy4pvjymywfg))\/videos.aspx?newsid=www.youtube.com\/embed\/44bmIRdeImk&amp;Newstitol=Homilia%20en%20el%20V%20Centenari%20de%20Santa%20Teresa%20(28%20mar%C3%A7%202015)%20%20\"><strong>V\u00eddeo de la homil\u00eda en el V Centenario del nacimiento de Santa Teresa de Jes\u00fas<\/strong><\/a><\/div>\n","protected":false},"excerpt":{"rendered":"<p>El mismo d\u00eda de su nacimiento en \u00c1vila, el 28 de marzo, tuvo lugar en la Bas\u00edlica de la Virgen de Montserrat, la celebraci\u00f3n de los 500 a\u00f1os del nacimiento de Teresa de Cepeda y de Ahumana -Santa Teresa de &hellip; <a href=\"https:\/\/stj500.arqtgn.cat\/es\/encuentro-en-montserrat-en-el-v-centenario-del-nacimiento-de-santa-teresa-de-jesus\/\">Sigue leyendo <span class=\"meta-nav\">&rarr;<\/span><\/a><\/p>\n","protected":false},"author":7,"featured_media":0,"comment_status":"closed","ping_status":"closed","sticky":false,"template":"","format":"gallery","meta":{"footnotes":""},"categories":[14],"tags":[],"class_list":["post-472","post","type-post","status-publish","format-gallery","hentry","category-noticias","post_format-post-format-gallery"],"amp_enabled":true,"_links":{"self":[{"href":"https:\/\/stj500.arqtgn.cat\/es\/wp-json\/wp\/v2\/posts\/472","targetHints":{"allow":["GET"]}}],"collection":[{"href":"https:\/\/stj500.arqtgn.cat\/es\/wp-json\/wp\/v2\/posts"}],"about":[{"href":"https:\/\/stj500.arqtgn.cat\/es\/wp-json\/wp\/v2\/types\/post"}],"author":[{"embeddable":true,"href":"https:\/\/stj500.arqtgn.cat\/es\/wp-json\/wp\/v2\/users\/7"}],"replies":[{"embeddable":true,"href":"https:\/\/stj500.arqtgn.cat\/es\/wp-json\/wp\/v2\/comments?post=472"}],"version-history":[{"count":0,"href":"https:\/\/stj500.arqtgn.cat\/es\/wp-json\/wp\/v2\/posts\/472\/revisions"}],"wp:attachment":[{"href":"https:\/\/stj500.arqtgn.cat\/es\/wp-json\/wp\/v2\/media?parent=472"}],"wp:term":[{"taxonomy":"category","embeddable":true,"href":"https:\/\/stj500.arqtgn.cat\/es\/wp-json\/wp\/v2\/categories?post=472"},{"taxonomy":"post_tag","embeddable":true,"href":"https:\/\/stj500.arqtgn.cat\/es\/wp-json\/wp\/v2\/tags?post=472"}],"curies":[{"name":"wp","href":"https:\/\/api.w.org\/{rel}","templated":true}]}}