{"id":461,"date":"2015-03-05T18:43:48","date_gmt":"2015-03-05T17:43:48","guid":{"rendered":"http:\/\/stj500.arqtgn.cat\/escuchar-santa-teresa-2\/"},"modified":"2015-03-05T18:43:48","modified_gmt":"2015-03-05T17:43:48","slug":"escuchar-santa-teresa-2","status":"publish","type":"post","link":"https:\/\/stj500.arqtgn.cat\/es\/escuchar-santa-teresa-2\/","title":{"rendered":"Escuchar Santa Teresa"},"content":{"rendered":"<div><\/div>\n<div>\n<p><a href=\"http:\/\/santateresa.wp.arqtgn.cat\/escoltar-santa-teresa-2\/431_20150303072926\/\" rel=\"attachment wp-att-302\"><img loading=\"lazy\" decoding=\"async\" class=\"alignleft wp-image-302\" src=\"http:\/\/santateresa.wp.arqtgn.cat\/wp-content\/uploads\/sites\/49\/2015\/03\/431_20150303072926.jpg\" alt=\"431_20150303072926\" width=\"225\" height=\"150\" \/><\/a><\/p>\n<div>\n<p>La capilla de Santa Teresa de Jes\u00fas de la iglesia parroquial de San Juan Bautista de Reus acogi\u00f3 el viernes, d\u00eda 27 de febrero, un acto que combin\u00f3 textos y m\u00fasica con motivo del V Centenario del nacimiento de Santa Teresa de Jes\u00fas.<\/p>\n<\/div>\n<div>\n<p>Tras la presentaci\u00f3n de Mn. Pedro Dalmau, rector de la Parroquia; el P. \u00c1ngel Bri\u00f1as, carmelita descalzo y secretario de la comisi\u00f3n en Catalu\u00f1a del V Centenario del nacimiento de Santa Teresa de Jes\u00fas fue el encargado de introducir cada momento o bloque tem\u00e1tico destacando unas pinceladas de su contenido.<\/p>\n<\/div>\n<div>Junto a interpretaci\u00f3n de varias piezas musicales, a cargo de Mauricio Dalmau (viol\u00edn) y Miguel Moreno (guitarra), cuatro mujeres -Francina Baldr\u00eds, Dolores Quintana, Isabel Forn\u00f3s y N\u00faria Puig, recitaron una selecci\u00f3n de textos expresando el esp\u00edritu de la Santa. Con esta declamaci\u00f3n no s\u00f3lo se pretendi\u00f3 escuchar la belleza de sus escritos sino tambi\u00e9n favorecer la recepci\u00f3n de su mensaje hoy en d\u00eda, en cada persona.<\/div>\n<\/div>\n<div>Entre los textos seleccionados estaba la infancia y adolescencia de Santa Teresa, y su conversi\u00f3n y despertar espiritual a partir del Libro de la Vida; textos sobre la oraci\u00f3n a partir de fragmentos de las Moradas o El Castillo interior; la finalidad de la oraci\u00f3n para un mejor servicio eclesial con la lectura de la S\u00e9ptimas Moradas y las Fundaciones. Tambi\u00e9n se recitaron algunos de los poemas m\u00e1s conocidos de Santa Teresa como son Vivo sin vivir en m\u00ed o Nada te turbe, entre otros.<\/div>\n<div><a href=\"http:\/\/santateresa.wp.arqtgn.cat\/escoltar-santa-teresa-2\/431_20150303072936\/\" rel=\"attachment wp-att-303\"><img loading=\"lazy\" decoding=\"async\" class=\"alignleft wp-image-303\" src=\"http:\/\/santateresa.wp.arqtgn.cat\/wp-content\/uploads\/sites\/49\/2015\/03\/431_20150303072936.jpg\" alt=\"431_20150303072936\" width=\"225\" height=\"150\" \/><\/a> <a href=\"http:\/\/santateresa.wp.arqtgn.cat\/escoltar-santa-teresa-2\/431_20150303072943\/\" rel=\"attachment wp-att-304\"><img loading=\"lazy\" decoding=\"async\" class=\"alignleft wp-image-304\" src=\"http:\/\/santateresa.wp.arqtgn.cat\/wp-content\/uploads\/sites\/49\/2015\/03\/431_20150303072943.jpg\" alt=\"431_20150303072943\" width=\"225\" height=\"150\" \/><\/a><\/div>\n","protected":false},"excerpt":{"rendered":"<p>La capilla de Santa Teresa de Jes\u00fas de la iglesia parroquial de San Juan Bautista de Reus acogi\u00f3 el viernes, d\u00eda 27 de febrero, un acto que combin\u00f3 textos y m\u00fasica con motivo del V Centenario del nacimiento de Santa &hellip; <a href=\"https:\/\/stj500.arqtgn.cat\/es\/escuchar-santa-teresa-2\/\">Sigue leyendo <span class=\"meta-nav\">&rarr;<\/span><\/a><\/p>\n","protected":false},"author":7,"featured_media":0,"comment_status":"closed","ping_status":"closed","sticky":false,"template":"","format":"gallery","meta":{"footnotes":""},"categories":[14],"tags":[],"class_list":["post-461","post","type-post","status-publish","format-gallery","hentry","category-noticias","post_format-post-format-gallery"],"amp_enabled":true,"_links":{"self":[{"href":"https:\/\/stj500.arqtgn.cat\/es\/wp-json\/wp\/v2\/posts\/461","targetHints":{"allow":["GET"]}}],"collection":[{"href":"https:\/\/stj500.arqtgn.cat\/es\/wp-json\/wp\/v2\/posts"}],"about":[{"href":"https:\/\/stj500.arqtgn.cat\/es\/wp-json\/wp\/v2\/types\/post"}],"author":[{"embeddable":true,"href":"https:\/\/stj500.arqtgn.cat\/es\/wp-json\/wp\/v2\/users\/7"}],"replies":[{"embeddable":true,"href":"https:\/\/stj500.arqtgn.cat\/es\/wp-json\/wp\/v2\/comments?post=461"}],"version-history":[{"count":0,"href":"https:\/\/stj500.arqtgn.cat\/es\/wp-json\/wp\/v2\/posts\/461\/revisions"}],"wp:attachment":[{"href":"https:\/\/stj500.arqtgn.cat\/es\/wp-json\/wp\/v2\/media?parent=461"}],"wp:term":[{"taxonomy":"category","embeddable":true,"href":"https:\/\/stj500.arqtgn.cat\/es\/wp-json\/wp\/v2\/categories?post=461"},{"taxonomy":"post_tag","embeddable":true,"href":"https:\/\/stj500.arqtgn.cat\/es\/wp-json\/wp\/v2\/tags?post=461"}],"curies":[{"name":"wp","href":"https:\/\/api.w.org\/{rel}","templated":true}]}}