{"id":443,"date":"2015-02-26T17:36:27","date_gmt":"2015-02-26T16:36:27","guid":{"rendered":"http:\/\/stj500.arqtgn.cat\/inicio-del-ano-jubilar-teresiano-en-la-archidiocesis-2\/"},"modified":"2015-02-26T17:36:27","modified_gmt":"2015-02-26T16:36:27","slug":"inicio-del-ano-jubilar-teresiano-en-la-archidiocesis-2","status":"publish","type":"post","link":"https:\/\/stj500.arqtgn.cat\/es\/inicio-del-ano-jubilar-teresiano-en-la-archidiocesis-2\/","title":{"rendered":"Inicio del A\u00f1o Jubilar Teresiano en la archidi\u00f3cesis"},"content":{"rendered":"<p><a href=\"http:\/\/santateresa.wp.arqtgn.cat\/inici-de-lany-jubilar-teresia-a-larxidiocesi\/inicianyteresia_001\/\" rel=\"attachment wp-att-308\"><img loading=\"lazy\" decoding=\"async\" class=\"alignleft wp-image-308\" src=\"http:\/\/santateresa.wp.arqtgn.cat\/wp-content\/uploads\/sites\/49\/2015\/02\/iniciAnyTeresia_001.jpg\" alt=\"iniciAnyTeresia_001\" width=\"225\" height=\"150\" \/><\/a>Coincidiendo con el d\u00eda de la festividad de Santa Teresa de Jes\u00fas, el mi\u00e9rcoles d\u00eda 15 de octubre se inici\u00f3 en la iglesia del Convento de San Jos\u00e9 y Santa Ana, de las Hermanas Carmelitas Descalzas, el A\u00f1o de Santa Teresa con motivo del V Centenario de su nacimiento. Una celebraci\u00f3n, presidida por el Sr. Arzobispo, a la que asistieron numerosos religiosos, muchos de ellos pertenecientes a la gran familia teresiana.<\/p>\n<p>Mons. Jaume Pujol agradeci\u00f3 el ejemplo de fidelidad y radicalidad de la comunidad de las Hermanas Carmelitas Descalzas que han celebrado \u00faltimamente los trescientos a\u00f1os de presencia en la archidi\u00f3cesis. \u00abEsta es una casa de oraci\u00f3n\u00bb -dijo-, \u00aby la oraci\u00f3n nos ayuda a caminar en la verdad; crear comunidad eclesial ya que nos abre y nos une a Jesucristo y, finalmente, nos impulsa a la misi\u00f3n, a la vida apost\u00f3lica. \u00bb<\/p>\n<p>El Sr. Arzobispo tambi\u00e9n destac\u00f3 las palabras del Papa en el mensaje publicado recientemente con motivo del V Centenario. \u00abDice el Francisco: Por qu\u00e9 caminos quiere llevarnos el Se\u00f1or tras las huellas y de la mano de Santa Teresa? Quisiera recordar cuatro que me hacen mucho bien: el camino de la alegr\u00eda, el de la oraci\u00f3n, el de la fraternidad y el del propio tiempo. \u00bb<\/p>\n<p>Durante la celebraci\u00f3n se anunci\u00f3 que tanto la iglesia del Monasterio de San Jos\u00e9 y Santa Ana como la de la Virgen del Carmen de Tarragona ser\u00e1n templos donde se recibir\u00e1 la indulgencia plenaria con motivo del A\u00f1o Jubilar Teresiano concedido por Francisco . De esta manera los fieles que visiten dichos templos y asistan a la liturgia y oren durante un tiempo -todo terminando su nada con la oraci\u00f3n del Padrenuestro, Credo, invocando a la Virgen y la santa fundadora- recibir\u00e1n la indulgencia plenaria del A\u00f1o Jubilar Teresiano que finalizar\u00e1 el 15 de octubre de 2015.<\/p>\n<div id='gallery-1' class='gallery galleryid-443 gallery-columns-2 gallery-size-thumbnail'><dl class='gallery-item'>\n\t\t\t<dt class='gallery-icon landscape'>\n\t\t\t\t<a href='https:\/\/stj500.arqtgn.cat\/wp-content\/uploads\/sites\/49\/2015\/02\/iniciAnyTeresia_005.jpg'><img loading=\"lazy\" decoding=\"async\" width=\"141\" height=\"200\" src=\"https:\/\/stj500.arqtgn.cat\/wp-content\/uploads\/sites\/49\/2015\/02\/iniciAnyTeresia_005-141x200.jpg\" class=\"attachment-thumbnail size-thumbnail\" alt=\"\" \/><\/a>\n\t\t\t<\/dt><\/dl><dl class='gallery-item'>\n\t\t\t<dt class='gallery-icon landscape'>\n\t\t\t\t<a href='https:\/\/stj500.arqtgn.cat\/wp-content\/uploads\/sites\/49\/2015\/02\/iniciAnyTeresia_004.jpg'><img loading=\"lazy\" decoding=\"async\" width=\"141\" height=\"200\" src=\"https:\/\/stj500.arqtgn.cat\/wp-content\/uploads\/sites\/49\/2015\/02\/iniciAnyTeresia_004-141x200.jpg\" class=\"attachment-thumbnail size-thumbnail\" alt=\"\" \/><\/a>\n\t\t\t<\/dt><\/dl><br style=\"clear: both\" \/><dl class='gallery-item'>\n\t\t\t<dt class='gallery-icon landscape'>\n\t\t\t\t<a href='https:\/\/stj500.arqtgn.cat\/wp-content\/uploads\/sites\/49\/2015\/02\/iniciAnyTeresia_003.jpg'><img loading=\"lazy\" decoding=\"async\" width=\"141\" height=\"200\" src=\"https:\/\/stj500.arqtgn.cat\/wp-content\/uploads\/sites\/49\/2015\/02\/iniciAnyTeresia_003-141x200.jpg\" class=\"attachment-thumbnail size-thumbnail\" alt=\"\" \/><\/a>\n\t\t\t<\/dt><\/dl><dl class='gallery-item'>\n\t\t\t<dt class='gallery-icon landscape'>\n\t\t\t\t<a href='https:\/\/stj500.arqtgn.cat\/wp-content\/uploads\/sites\/49\/2015\/02\/iniciAnyTeresia_002.jpg'><img loading=\"lazy\" decoding=\"async\" width=\"141\" height=\"200\" src=\"https:\/\/stj500.arqtgn.cat\/wp-content\/uploads\/sites\/49\/2015\/02\/iniciAnyTeresia_002-141x200.jpg\" class=\"attachment-thumbnail size-thumbnail\" alt=\"\" \/><\/a>\n\t\t\t<\/dt><\/dl><br style=\"clear: both\" \/>\n\t\t<\/div>\n\n","protected":false},"excerpt":{"rendered":"<p>Coincidiendo con el d\u00eda de la festividad de Santa Teresa de Jes\u00fas, el mi\u00e9rcoles d\u00eda 15 de octubre se inici\u00f3 en la iglesia del Convento de San Jos\u00e9 y Santa Ana, de las Hermanas Carmelitas Descalzas, el A\u00f1o de Santa &hellip; <a href=\"https:\/\/stj500.arqtgn.cat\/es\/inicio-del-ano-jubilar-teresiano-en-la-archidiocesis-2\/\">Sigue leyendo <span class=\"meta-nav\">&rarr;<\/span><\/a><\/p>\n","protected":false},"author":7,"featured_media":0,"comment_status":"closed","ping_status":"closed","sticky":false,"template":"","format":"gallery","meta":{"footnotes":""},"categories":[14],"tags":[],"class_list":["post-443","post","type-post","status-publish","format-gallery","hentry","category-noticias","post_format-post-format-gallery"],"amp_enabled":true,"_links":{"self":[{"href":"https:\/\/stj500.arqtgn.cat\/es\/wp-json\/wp\/v2\/posts\/443","targetHints":{"allow":["GET"]}}],"collection":[{"href":"https:\/\/stj500.arqtgn.cat\/es\/wp-json\/wp\/v2\/posts"}],"about":[{"href":"https:\/\/stj500.arqtgn.cat\/es\/wp-json\/wp\/v2\/types\/post"}],"author":[{"embeddable":true,"href":"https:\/\/stj500.arqtgn.cat\/es\/wp-json\/wp\/v2\/users\/7"}],"replies":[{"embeddable":true,"href":"https:\/\/stj500.arqtgn.cat\/es\/wp-json\/wp\/v2\/comments?post=443"}],"version-history":[{"count":0,"href":"https:\/\/stj500.arqtgn.cat\/es\/wp-json\/wp\/v2\/posts\/443\/revisions"}],"wp:attachment":[{"href":"https:\/\/stj500.arqtgn.cat\/es\/wp-json\/wp\/v2\/media?parent=443"}],"wp:term":[{"taxonomy":"category","embeddable":true,"href":"https:\/\/stj500.arqtgn.cat\/es\/wp-json\/wp\/v2\/categories?post=443"},{"taxonomy":"post_tag","embeddable":true,"href":"https:\/\/stj500.arqtgn.cat\/es\/wp-json\/wp\/v2\/tags?post=443"}],"curies":[{"name":"wp","href":"https:\/\/api.w.org\/{rel}","templated":true}]}}