{"id":440,"date":"2015-02-26T17:35:33","date_gmt":"2015-02-26T16:35:33","guid":{"rendered":"http:\/\/stj500.arqtgn.cat\/tortosa-acogera-del-16-al-18-de-enero-el-congreso-internacional-teresiano-teresa-y-enrique-cara-a-cara\/"},"modified":"2015-02-26T17:35:33","modified_gmt":"2015-02-26T16:35:33","slug":"tortosa-acogera-del-16-al-18-de-enero-el-congreso-internacional-teresiano-teresa-y-enrique-cara-a-cara","status":"publish","type":"post","link":"https:\/\/stj500.arqtgn.cat\/es\/tortosa-acogera-del-16-al-18-de-enero-el-congreso-internacional-teresiano-teresa-y-enrique-cara-a-cara\/","title":{"rendered":"Tortosa acoger\u00e1 del 16 al 18 de enero el Congreso Internacional Teresiano \u00abTeresa y Enrique cara a cara\u00bb"},"content":{"rendered":"<p><a href=\"http:\/\/santateresa.wp.arqtgn.cat\/wp-content\/uploads\/sites\/49\/2015\/02\/congres.jpg\"><img loading=\"lazy\" decoding=\"async\" class=\"alignleft  wp-image-174\" src=\"http:\/\/santateresa.wp.arqtgn.cat\/wp-content\/uploads\/sites\/49\/2015\/02\/congres.jpg\" alt=\"congres\" width=\"154\" height=\"227\" \/><\/a>En el a\u00f1o del V Centenario del nacimiento de Santa Teresa de Jes\u00fas, la Familia teresiana de Enrique de Oss\u00f3 ha organizado este Congreso con la propuesta de proyectar hacia el futuro el teresianisme de Enrique de Oss\u00f3 en un momento clave de relectura y profundizaci\u00f3n carism\u00e1tico. El objetivo es convertir el Congreso en un foro sobre la forma de vivir la espiritualidad teresiana en el mundo de hoy buscando espacios para la celebraci\u00f3n, el encuentro y la reflexi\u00f3n.<\/p>\n<p>El Congreso se ha estructurado en cinco sesiones sobre los siguientes temas: \u00abTeresa, Enrique y Tortosa\u00bb, \u00abEl teresianisme de Enrique de Oss\u00f3\u00bb, \u00abTeresa y Enrique: un itinerario educativo\u00bb, \u00abTeresa y Enrique y la comunicaci\u00f3n \u00bby\u00ab Otras miradas. \u00bb<\/p>\n<p>M\u00e1s informaci\u00f3n sobre el Congreso en la p\u00e1gina web <a href=\"http:\/\/www.vcentenariostj.org\">http:\/\/www.vcentenariostj.org<\/a><\/p>\n","protected":false},"excerpt":{"rendered":"<p>En el a\u00f1o del V Centenario del nacimiento de Santa Teresa de Jes\u00fas, la Familia teresiana de Enrique de Oss\u00f3 ha organizado este Congreso con la propuesta de proyectar hacia el futuro el teresianisme de Enrique de Oss\u00f3 en un &hellip; <a href=\"https:\/\/stj500.arqtgn.cat\/es\/tortosa-acogera-del-16-al-18-de-enero-el-congreso-internacional-teresiano-teresa-y-enrique-cara-a-cara\/\">Sigue leyendo <span class=\"meta-nav\">&rarr;<\/span><\/a><\/p>\n","protected":false},"author":7,"featured_media":0,"comment_status":"closed","ping_status":"closed","sticky":false,"template":"","format":"gallery","meta":{"footnotes":""},"categories":[14],"tags":[],"class_list":["post-440","post","type-post","status-publish","format-gallery","hentry","category-noticias","post_format-post-format-gallery"],"amp_enabled":true,"_links":{"self":[{"href":"https:\/\/stj500.arqtgn.cat\/es\/wp-json\/wp\/v2\/posts\/440","targetHints":{"allow":["GET"]}}],"collection":[{"href":"https:\/\/stj500.arqtgn.cat\/es\/wp-json\/wp\/v2\/posts"}],"about":[{"href":"https:\/\/stj500.arqtgn.cat\/es\/wp-json\/wp\/v2\/types\/post"}],"author":[{"embeddable":true,"href":"https:\/\/stj500.arqtgn.cat\/es\/wp-json\/wp\/v2\/users\/7"}],"replies":[{"embeddable":true,"href":"https:\/\/stj500.arqtgn.cat\/es\/wp-json\/wp\/v2\/comments?post=440"}],"version-history":[{"count":0,"href":"https:\/\/stj500.arqtgn.cat\/es\/wp-json\/wp\/v2\/posts\/440\/revisions"}],"wp:attachment":[{"href":"https:\/\/stj500.arqtgn.cat\/es\/wp-json\/wp\/v2\/media?parent=440"}],"wp:term":[{"taxonomy":"category","embeddable":true,"href":"https:\/\/stj500.arqtgn.cat\/es\/wp-json\/wp\/v2\/categories?post=440"},{"taxonomy":"post_tag","embeddable":true,"href":"https:\/\/stj500.arqtgn.cat\/es\/wp-json\/wp\/v2\/tags?post=440"}],"curies":[{"name":"wp","href":"https:\/\/api.w.org\/{rel}","templated":true}]}}