{"id":437,"date":"2015-02-26T17:34:18","date_gmt":"2015-02-26T17:34:18","guid":{"rendered":"http:\/\/stj500.arqtgn.cat\/inaugurada-la-exposicion-teresiana-la-fuerza-de-un-encuentro-en-el-colegio-santa-teresa-de-jesus-de-tarragona\/"},"modified":"2015-02-26T17:34:18","modified_gmt":"2015-02-26T17:34:18","slug":"inaugurada-la-exposicion-teresiana-la-fuerza-de-un-encuentro-en-el-colegio-santa-teresa-de-jesus-de-tarragona","status":"publish","type":"post","link":"https:\/\/stj500.arqtgn.cat\/es\/inaugurada-la-exposicion-teresiana-la-fuerza-de-un-encuentro-en-el-colegio-santa-teresa-de-jesus-de-tarragona\/","title":{"rendered":"Inaugurada la exposici\u00f3n teresiana &#8216;La fuerza de un encuentro&#8217; en el colegio Santa Teresa de Jes\u00fas de Tarragona"},"content":{"rendered":"<p><a href=\"http:\/\/santateresa.wp.arqtgn.cat\/wp-content\/uploads\/sites\/49\/2015\/02\/exposicio.jpg\"><img loading=\"lazy\" decoding=\"async\" class=\"alignleft  wp-image-172\" src=\"http:\/\/santateresa.wp.arqtgn.cat\/wp-content\/uploads\/sites\/49\/2015\/02\/exposicio.jpg\" alt=\"exposicio\" width=\"117\" height=\"282\" \/><\/a>La exposici\u00f3n itinerante, organizada por la Familia Teresiana de Enrique de Oss\u00f3, se podr\u00e1 visitar hasta este domingo, d\u00eda 1 de febrero, al mediod\u00eda cuando se cerrar\u00e1 la exposici\u00f3n con un recital de textos teresianos.<\/p>\n<p>El director general del Colegio Santa Teresa de Jes\u00fas, Francisco Sarda\u00f1a, dio a conocer los actos programados en el marco de la exposici\u00f3n con motivo del V Centenario del nacimiento de Santa Teresa de Jes\u00fas. Tambi\u00e9n destac\u00f3 la conexi\u00f3n carism\u00e1tica entre San Enrique de Oss\u00f3, del siglo XVI, y Santa Teresa, del siglo XIX. El Sr. Arzobispo, Mons. Jaume Pujol, defini\u00f3 Santa Teresa de \u00c1vila como la primera mujer santa que recibi\u00f3 el t\u00edtulo de Doctora de la Iglesia, \u00abuna mujer excepcional, de una gran fortaleza, que inspir\u00f3 y est\u00e1 inspirando a muchas personas hoy en d\u00eda. \u00bbPor su parte, la Hna. Teresa Ros, hermana de la Compa\u00f1\u00eda de Santa Teresa de Jes\u00fas y coordinadora de los actos organizados por la Familia Teresiana de Enrique de Oss\u00f3 en Tarragona con motivo del V Centenario, explic\u00f3 que \u00abesta exposici\u00f3n no es convencional ya que est\u00e1 planteada antes con un lenguaje de hoy en d\u00eda, casi \u00abpublicitario\u00bb. \u00abLa hermana Ros apunt\u00f3 que la exposici\u00f3n itinerante recorrer\u00e1 24 sitios en todo el estado espa\u00f1ol donde est\u00e1 presente la familia teresiana.<\/p>\n<p>Al acto tambi\u00e9n asisti\u00f3 el concejal del Ayuntamiento de Tarragona para las relaciones ciudadanas, Sr. Franciscano Zapater; la superiora de la comunidad de hermanas en el Colegio Santa Teresa de Jes\u00fas, Hna. Josefina Querol y el prior de los Carmelitas Descalzos de Tarragona, P. Pedro Martorell, entre otros.<\/p>\n<p>El dise\u00f1o y el montaje art\u00edstico, obra del artista Siro L\u00f3pez, muestra mediante la imagen y el simbolismo la novedad para el mundo y para la Iglesia de la espiritualidad teresiana. Concebida en tres espacios independientes, la exposici\u00f3n introduce al visitante en un recorrido donde debe atravesar tres puertas -la de San Enrique de Oss\u00f3, la de Santa Teresa de Jes\u00fas y la \u00faltima que lleva a Jes\u00fas. La entrada y la salida conectan al visitante con la realidad que somos y en que vivimos. El visitante es espoleado a marchar con una pregunta, un texto o un reto que le haya interpelado. Adem\u00e1s, a trav\u00e9s de c\u00f3digos QR se puede acceder a un audio de la exposici\u00f3n y m\u00e1s recursos audiovisuales que ampl\u00edan su contenido.<\/p>\n<p>&nbsp;<\/p>\n<p>Horario y actos programados en el marco de la exposici\u00f3n:<\/p>\n<p><strong>-Viernes 30 de enero<\/strong> (de 17.30 h a 20.00 h). A las 18.00 h: Conferencia sobre \u00abLa aportaci\u00f3n de la espiritualidad teresiana en nuestra sociedad\u00bb, a cargo de la Hna. Gemma Bel, stj.<\/p>\n<p><strong>-S\u00e1bado 31 de enero<\/strong> (de 11.00 ha 13.00 hy de 17.00 a 19.00 h)<\/p>\n<p><strong>-Domingo 1 de febrero<\/strong> (de 11.00 a 13.00 h). A las 13.00 h: Recital de textos teresianos y clausura de la exposici\u00f3n.<\/p>\n","protected":false},"excerpt":{"rendered":"<p>La exposici\u00f3n itinerante, organizada por la Familia Teresiana de Enrique de Oss\u00f3, se podr\u00e1 visitar hasta este domingo, d\u00eda 1 de febrero, al mediod\u00eda cuando se cerrar\u00e1 la exposici\u00f3n con un recital de textos teresianos. El director general del Colegio &hellip; <a href=\"https:\/\/stj500.arqtgn.cat\/es\/inaugurada-la-exposicion-teresiana-la-fuerza-de-un-encuentro-en-el-colegio-santa-teresa-de-jesus-de-tarragona\/\">Sigue leyendo <span class=\"meta-nav\">&rarr;<\/span><\/a><\/p>\n","protected":false},"author":7,"featured_media":0,"comment_status":"closed","ping_status":"closed","sticky":false,"template":"","format":"gallery","meta":{"footnotes":""},"categories":[14],"tags":[],"class_list":["post-437","post","type-post","status-publish","format-gallery","hentry","category-noticias","post_format-post-format-gallery"],"amp_enabled":true,"_links":{"self":[{"href":"https:\/\/stj500.arqtgn.cat\/es\/wp-json\/wp\/v2\/posts\/437","targetHints":{"allow":["GET"]}}],"collection":[{"href":"https:\/\/stj500.arqtgn.cat\/es\/wp-json\/wp\/v2\/posts"}],"about":[{"href":"https:\/\/stj500.arqtgn.cat\/es\/wp-json\/wp\/v2\/types\/post"}],"author":[{"embeddable":true,"href":"https:\/\/stj500.arqtgn.cat\/es\/wp-json\/wp\/v2\/users\/7"}],"replies":[{"embeddable":true,"href":"https:\/\/stj500.arqtgn.cat\/es\/wp-json\/wp\/v2\/comments?post=437"}],"version-history":[{"count":0,"href":"https:\/\/stj500.arqtgn.cat\/es\/wp-json\/wp\/v2\/posts\/437\/revisions"}],"wp:attachment":[{"href":"https:\/\/stj500.arqtgn.cat\/es\/wp-json\/wp\/v2\/media?parent=437"}],"wp:term":[{"taxonomy":"category","embeddable":true,"href":"https:\/\/stj500.arqtgn.cat\/es\/wp-json\/wp\/v2\/categories?post=437"},{"taxonomy":"post_tag","embeddable":true,"href":"https:\/\/stj500.arqtgn.cat\/es\/wp-json\/wp\/v2\/tags?post=437"}],"curies":[{"name":"wp","href":"https:\/\/api.w.org\/{rel}","templated":true}]}}