{"id":434,"date":"2015-02-26T17:32:12","date_gmt":"2015-02-26T17:32:12","guid":{"rendered":"http:\/\/stj500.arqtgn.cat\/la-vida-el-pensamiento-y-la-obra-de-santa-teresa-de-jesus-en-el-curso-aula-de-las-personas-mayores\/"},"modified":"2015-02-26T17:32:12","modified_gmt":"2015-02-26T17:32:12","slug":"la-vida-el-pensamiento-y-la-obra-de-santa-teresa-de-jesus-en-el-curso-aula-de-las-personas-mayores","status":"publish","type":"post","link":"https:\/\/stj500.arqtgn.cat\/es\/la-vida-el-pensamiento-y-la-obra-de-santa-teresa-de-jesus-en-el-curso-aula-de-las-personas-mayores\/","title":{"rendered":"La vida, el pensamiento y la obra de Santa Teresa de Jes\u00fas en el curso Aula de las personas mayores &#8216;"},"content":{"rendered":"<div style=\"text-align: justify\">\n<p><span style=\"font-size: 12pt\"><a href=\"http:\/\/santateresa.wp.arqtgn.cat\/wp-content\/uploads\/sites\/49\/2015\/02\/grentgran.jpg\"><img loading=\"lazy\" decoding=\"async\" class=\"alignleft  wp-image-170\" src=\"http:\/\/santateresa.wp.arqtgn.cat\/wp-content\/uploads\/sites\/49\/2015\/02\/grentgran.jpg\" alt=\"grentgran\" width=\"149\" height=\"215\" \/><\/a>El Instituto Superior de Ciencias Religiosas San Fructuoso (INSAF) ha iniciado este mes de enero un curso monogr\u00e1fico con motivo del V Centenario del nacimiento de Santa Teresa de Jes\u00fas. El curso se cerrar\u00e1 el jueves 26 de marzo.<\/span><\/p>\n<\/div>\n<div style=\"text-align: justify\"><span style=\"font-size: 12pt\">El curso, que se divide en tres bloques tem\u00e1ticos, se est\u00e1 haciendo en horario de ma\u00f1ana, de las 10.30 h. a las 11.30 h, y gira en torno la vida, el pensamiento, la obra y la repercusi\u00f3n en la Iglesia y el mundo de esta santa tan relevante. De entre los temas que se est\u00e1n tratando est\u00e1 la situaci\u00f3n pol\u00edtica, religiosa, social y cultural del siglo XVI, el v\u00ednculo entre Santa Teresa de Jes\u00fas con la orden carmelitana o los padres de la Iglesia, o bien la influencia teresiana en la literatura cristiana, entre otros. Cada semana un profesor diferente imparte el tema correspondiente.<\/span><\/div>\n<div style=\"text-align: justify\"><span style=\"font-size: 12pt\">\u00a0<\/span><\/div>\n<div style=\"text-align: justify\"><span style=\"font-size: 12pt\">Este curso, abierto a todos, tambi\u00e9n ofrece la posibilidad de matricularse solamente en uno de los bloques. El pr\u00f3ximo jueves, d\u00eda 5 de febrero, comenzar\u00e1 el segundo bloque referente a la parte teol\u00f3gica y el jueves 5 de marzo se iniciar\u00e1 la parte cultural del curso.<\/span><\/div>\n<div style=\"text-align: justify\"><span style=\"font-size: 12pt\">\u00a0<\/span><\/div>\n<div style=\"text-align: justify\"><span style=\"font-size: 12pt\">Para m\u00e1s informaci\u00f3n e inscripciones se puede consultar la web del Instituto Superior de Ciencias Religiosas San Fructuoso www.insaf.cat, o bien ponerse en contacto con la Secretar\u00eda del Instituto, en el Centro Tarraconense El Seminario (c \/ San Pablo 4, Tarragona), llamando al tel. 977 23 38 33 o escribiendo un correo electr\u00f3nico a la direcci\u00f3n <a href=\"insaf@arqtgn.cat.\">insaf@arqtgn.cat.<\/a><\/span><\/div>\n<div style=\"text-align: justify\"><\/div>\n<div style=\"text-align: justify\"><\/div>\n","protected":false},"excerpt":{"rendered":"<p>El Instituto Superior de Ciencias Religiosas San Fructuoso (INSAF) ha iniciado este mes de enero un curso monogr\u00e1fico con motivo del V Centenario del nacimiento de Santa Teresa de Jes\u00fas. El curso se cerrar\u00e1 el jueves 26 de marzo. El &hellip; <a href=\"https:\/\/stj500.arqtgn.cat\/es\/la-vida-el-pensamiento-y-la-obra-de-santa-teresa-de-jesus-en-el-curso-aula-de-las-personas-mayores\/\">Sigue leyendo <span class=\"meta-nav\">&rarr;<\/span><\/a><\/p>\n","protected":false},"author":7,"featured_media":0,"comment_status":"closed","ping_status":"closed","sticky":false,"template":"","format":"gallery","meta":{"footnotes":""},"categories":[14],"tags":[],"class_list":["post-434","post","type-post","status-publish","format-gallery","hentry","category-noticias","post_format-post-format-gallery"],"amp_enabled":true,"_links":{"self":[{"href":"https:\/\/stj500.arqtgn.cat\/es\/wp-json\/wp\/v2\/posts\/434","targetHints":{"allow":["GET"]}}],"collection":[{"href":"https:\/\/stj500.arqtgn.cat\/es\/wp-json\/wp\/v2\/posts"}],"about":[{"href":"https:\/\/stj500.arqtgn.cat\/es\/wp-json\/wp\/v2\/types\/post"}],"author":[{"embeddable":true,"href":"https:\/\/stj500.arqtgn.cat\/es\/wp-json\/wp\/v2\/users\/7"}],"replies":[{"embeddable":true,"href":"https:\/\/stj500.arqtgn.cat\/es\/wp-json\/wp\/v2\/comments?post=434"}],"version-history":[{"count":0,"href":"https:\/\/stj500.arqtgn.cat\/es\/wp-json\/wp\/v2\/posts\/434\/revisions"}],"wp:attachment":[{"href":"https:\/\/stj500.arqtgn.cat\/es\/wp-json\/wp\/v2\/media?parent=434"}],"wp:term":[{"taxonomy":"category","embeddable":true,"href":"https:\/\/stj500.arqtgn.cat\/es\/wp-json\/wp\/v2\/categories?post=434"},{"taxonomy":"post_tag","embeddable":true,"href":"https:\/\/stj500.arqtgn.cat\/es\/wp-json\/wp\/v2\/tags?post=434"}],"curies":[{"name":"wp","href":"https:\/\/api.w.org\/{rel}","templated":true}]}}