{"id":428,"date":"2015-02-26T12:58:22","date_gmt":"2015-02-26T11:58:22","guid":{"rendered":"http:\/\/stj500.arqtgn.cat\/diccionario-de-santa-teresa\/"},"modified":"2015-02-26T12:58:22","modified_gmt":"2015-02-26T11:58:22","slug":"diccionario-de-santa-teresa","status":"publish","type":"post","link":"https:\/\/stj500.arqtgn.cat\/es\/diccionario-de-santa-teresa\/","title":{"rendered":"Diccionario de Santa Teresa"},"content":{"rendered":"<p><a href=\"http:\/\/santateresa.wp.arqtgn.cat\/diccionario-de-santa-teresa\/diccionario\/\" rel=\"attachment wp-att-211\"><img loading=\"lazy\" decoding=\"async\" class=\"alignleft  wp-image-211\" src=\"http:\/\/santateresa.wp.arqtgn.cat\/wp-content\/uploads\/sites\/49\/2015\/02\/diccionario.jpg\" alt=\"diccionario\" width=\"118\" height=\"174\" \/><\/a>\u00c1lvarez, Tom\u00e1s. Ed. Monte Carmelo (2\u00aa edici\u00f3n). 1.222 p. PVP: 68,00 \u20ac.<\/p>\n<p>He aqu\u00ed la segunda edici\u00f3n, realmente corregida y aumentada respecto de la primera, de este Diccionario. Su contenido, que es doble: \u00abDoctrinal\u00bb, con las l\u00edneas maestras del pensamiento teresiano, y \u00abHist\u00f3rico\u00bb, con la biograf\u00eda de Teresa; referencias a personas, lugares e instituciones presentes en sus escritos; entorno geogr\u00e1fico y cultural; adem\u00e1s de datos sobre su historia p\u00f3stuma: bibliograf\u00edas, patronatos, doctorado, etc. En total, un millar y medio de unidades tem\u00e1ticas que ponen en foco la centralidad de Teresa en la cultura del Siglo de Oro espa\u00f1ol y su actualidad doctoral en el mundo de hoy.<\/p>\n<hr \/>\n<p><span style=\"font-size: 10pt\"><em>Se pueden encontrar en la Librer\u00eda del Arzobispado (c \/ Sant Pau 4, Tarragona.<\/em><\/span><br \/>\n<span style=\"font-size: 10pt\"><em>Centro Tarraconense El Seminario). <strong>Tel.<\/strong> 977 23 34 12 ext. 225. <strong>c\/e:<\/strong> <a href=\"llibreria@arqtgn.cat\">llibreria@arqtgn.c<\/a><\/em><\/span><a href=\"llibreria@arqtgn.cat\">at<\/a><\/p>\n","protected":false},"excerpt":{"rendered":"<p>\u00c1lvarez, Tom\u00e1s. Ed. Monte Carmelo (2\u00aa edici\u00f3n). 1.222 p. PVP: 68,00 \u20ac. He aqu\u00ed la segunda edici\u00f3n, realmente corregida y aumentada respecto de la primera, de este Diccionario. Su contenido, que es doble: \u00abDoctrinal\u00bb, con las l\u00edneas maestras del pensamiento &hellip; <a href=\"https:\/\/stj500.arqtgn.cat\/es\/diccionario-de-santa-teresa\/\">Sigue leyendo <span class=\"meta-nav\">&rarr;<\/span><\/a><\/p>\n","protected":false},"author":7,"featured_media":0,"comment_status":"closed","ping_status":"closed","sticky":false,"template":"","format":"gallery","meta":{"footnotes":""},"categories":[13],"tags":[],"class_list":["post-428","post","type-post","status-publish","format-gallery","hentry","category-publicaciones","post_format-post-format-gallery"],"amp_enabled":true,"_links":{"self":[{"href":"https:\/\/stj500.arqtgn.cat\/es\/wp-json\/wp\/v2\/posts\/428","targetHints":{"allow":["GET"]}}],"collection":[{"href":"https:\/\/stj500.arqtgn.cat\/es\/wp-json\/wp\/v2\/posts"}],"about":[{"href":"https:\/\/stj500.arqtgn.cat\/es\/wp-json\/wp\/v2\/types\/post"}],"author":[{"embeddable":true,"href":"https:\/\/stj500.arqtgn.cat\/es\/wp-json\/wp\/v2\/users\/7"}],"replies":[{"embeddable":true,"href":"https:\/\/stj500.arqtgn.cat\/es\/wp-json\/wp\/v2\/comments?post=428"}],"version-history":[{"count":0,"href":"https:\/\/stj500.arqtgn.cat\/es\/wp-json\/wp\/v2\/posts\/428\/revisions"}],"wp:attachment":[{"href":"https:\/\/stj500.arqtgn.cat\/es\/wp-json\/wp\/v2\/media?parent=428"}],"wp:term":[{"taxonomy":"category","embeddable":true,"href":"https:\/\/stj500.arqtgn.cat\/es\/wp-json\/wp\/v2\/categories?post=428"},{"taxonomy":"post_tag","embeddable":true,"href":"https:\/\/stj500.arqtgn.cat\/es\/wp-json\/wp\/v2\/tags?post=428"}],"curies":[{"name":"wp","href":"https:\/\/api.w.org\/{rel}","templated":true}]}}