{"id":425,"date":"2015-02-26T12:53:36","date_gmt":"2015-02-26T11:53:36","guid":{"rendered":"http:\/\/stj500.arqtgn.cat\/libro-de-la-vida-teresa-de-jesus\/"},"modified":"2015-02-26T12:53:36","modified_gmt":"2015-02-26T11:53:36","slug":"libro-de-la-vida-teresa-de-jesus","status":"publish","type":"post","link":"https:\/\/stj500.arqtgn.cat\/es\/libro-de-la-vida-teresa-de-jesus\/","title":{"rendered":"Libro de la Vida. Teresa de Jes\u00fas"},"content":{"rendered":"<p><a href=\"http:\/\/santateresa.wp.arqtgn.cat\/llibre-de-la-vida-teresa-de-jesus\/delavida\/\" rel=\"attachment wp-att-210\"><img loading=\"lazy\" decoding=\"async\" class=\"alignleft  wp-image-210\" src=\"http:\/\/santateresa.wp.arqtgn.cat\/wp-content\/uploads\/sites\/49\/2015\/02\/delavida.jpg\" alt=\"delavida\" width=\"107\" height=\"165\" \/><\/a>Introducci\u00f3n de \u00c1ngel M. Bri\u00f1as y Cristina Kaufmann. Traducci\u00f3n de Agust\u00edn Borrell y Bonaventura Gilabert. Ed. Facultad de Teolog\u00eda de Catalu\u00f1a y Fundaci\u00f3n Enciclopedia Catalana, 1999. Colecci\u00f3n Cl\u00e1sicos del Cristianismo n. 78. 392 p. PVP: \u20ac 19,85.<\/p>\n<p>Teresa de Jes\u00fas (1515-1582) es una mujer llena de humanidad, m\u00edstica, fundadora, formadora y escritora. En un tiempo de fuerte convulsi\u00f3n pol\u00edtica, social y religiosa como era el siglo XVI, busc\u00f3 con decisi\u00f3n un camino de autenticidad y de espiritualidad profunda. En el Libro de la Vida nos ha dejado una descripci\u00f3n apasionada de los hechos de su historia personal, pero sobre todo de su vivencia interior. En un escrito de una extraordinaria calidad literaria, nos transmite la fascinaci\u00f3n que Jesucristo ha ejercido sobre ella y su experiencia de Dios en la vida concreta de cada d\u00eda. Se trata de una de las obras cumbres de la espiritualidad cristiana.<\/p>\n<hr \/>\n<p><span style=\"font-size: 10pt\"><em>Se pueden encontrar en la Librer\u00eda del Arzobispado (c \/ Sant Pau 4, Tarragona. Centro Tarraconense<br \/>\n<\/em><em>El Seminario). <strong>Tel.<\/strong> 977 23 34 12 ext. 225.<strong> c\/e:<\/strong> llibreria@arqtgn.cat<\/em><\/span><\/p>\n","protected":false},"excerpt":{"rendered":"<p>Introducci\u00f3n de \u00c1ngel M. Bri\u00f1as y Cristina Kaufmann. Traducci\u00f3n de Agust\u00edn Borrell y Bonaventura Gilabert. Ed. Facultad de Teolog\u00eda de Catalu\u00f1a y Fundaci\u00f3n Enciclopedia Catalana, 1999. Colecci\u00f3n Cl\u00e1sicos del Cristianismo n. 78. 392 p. PVP: \u20ac 19,85. Teresa de Jes\u00fas &hellip; <a href=\"https:\/\/stj500.arqtgn.cat\/es\/libro-de-la-vida-teresa-de-jesus\/\">Sigue leyendo <span class=\"meta-nav\">&rarr;<\/span><\/a><\/p>\n","protected":false},"author":7,"featured_media":0,"comment_status":"closed","ping_status":"closed","sticky":false,"template":"","format":"gallery","meta":{"footnotes":""},"categories":[13],"tags":[],"class_list":["post-425","post","type-post","status-publish","format-gallery","hentry","category-publicaciones","post_format-post-format-gallery"],"amp_enabled":true,"_links":{"self":[{"href":"https:\/\/stj500.arqtgn.cat\/es\/wp-json\/wp\/v2\/posts\/425","targetHints":{"allow":["GET"]}}],"collection":[{"href":"https:\/\/stj500.arqtgn.cat\/es\/wp-json\/wp\/v2\/posts"}],"about":[{"href":"https:\/\/stj500.arqtgn.cat\/es\/wp-json\/wp\/v2\/types\/post"}],"author":[{"embeddable":true,"href":"https:\/\/stj500.arqtgn.cat\/es\/wp-json\/wp\/v2\/users\/7"}],"replies":[{"embeddable":true,"href":"https:\/\/stj500.arqtgn.cat\/es\/wp-json\/wp\/v2\/comments?post=425"}],"version-history":[{"count":0,"href":"https:\/\/stj500.arqtgn.cat\/es\/wp-json\/wp\/v2\/posts\/425\/revisions"}],"wp:attachment":[{"href":"https:\/\/stj500.arqtgn.cat\/es\/wp-json\/wp\/v2\/media?parent=425"}],"wp:term":[{"taxonomy":"category","embeddable":true,"href":"https:\/\/stj500.arqtgn.cat\/es\/wp-json\/wp\/v2\/categories?post=425"},{"taxonomy":"post_tag","embeddable":true,"href":"https:\/\/stj500.arqtgn.cat\/es\/wp-json\/wp\/v2\/tags?post=425"}],"curies":[{"name":"wp","href":"https:\/\/api.w.org\/{rel}","templated":true}]}}